{"id":1233,"date":"2020-06-28T14:10:25","date_gmt":"2020-06-28T12:10:25","guid":{"rendered":"http:\/\/www.coraci-festival.de\/?p=1233"},"modified":"2023-03-20T18:03:23","modified_gmt":"2023-03-20T17:03:23","slug":"anti-asiatischer-rassismus","status":"publish","type":"post","link":"https:\/\/www.coraci-festival.de\/index.php\/2020\/06\/28\/anti-asiatischer-rassismus\/","title":{"rendered":"Anti &#8211; Asiatischer Rassismus"},"content":{"rendered":"\n<p>Seit der Verbreitung des Virus COVID-19<em> <\/em>und der Bekanntmachung der Pandemie hat der Anti-Asiatische Rassismus zugenommen und zeigt in dieser Situation umso mehr, dass asiatische Perspektiven in Deutschland wenig Wahrnehmung bekommen und im Mainstream unterrepr\u00e4sentiert sind. Dabei fanden regelm\u00e4\u00dfig Angriffe auf (ost-)asiatisch gelesene Menschen statt und Schuldzuweisungen f\u00fcr den Virus wurden an China und Reisende aus dem Land gemacht. Das negativ produzierte Bild von Chinesinnen*Chinesen und die Vereinheitlichung von Communities des asiatischen Kontinents und seiner Diaspora insgesamt, ist ein Zeichen von Rassismus. <\/p>\n\n\n\n<p>Die Kategorisierung in Asiat*innen ist so nicht richtig, denn Asien ist ein vielf\u00e4ltiger Kontinent, der von Russland bis nach Sri Lanka und Indonesien reicht und je nach geografischer, politischer Karte oder sonstiger Darstellungen, eine andere Perspektive mit unterschiedlicher Deutung zeigt. Bestimmte Spezifizierungen h\u00e4ngen mit ausgew\u00e4hlten Merkmalen zusammen, um systematisch Menschen in Gruppen zu fassen und durch Konstruktionen des Andersmachens auszugrenzen, wie es erneut beispielhaft w\u00e4hrend der Corona Pandemie geschieht. Neben Anfeindungen im \u00f6ffentlichen Raum leiden auch, oder gerade von Asiat*innen gef\u00fchrte Restaurants und L\u00e4den mit asiatischen Produkten unter den Zust\u00e4nden. Einige Stimmen aus der asiatischen Diaspora sind schon l\u00e4nger in Podcasts* zu h\u00f6ren und berichten aktuell in ihren Podcasts von ihren Erlebnissen und analysieren aus ihren Perspektiven gesellschaftliche Entwicklungen. Es geht in den Podcasts aber nicht nur darum, Rassismus in Deutschland offenzulegen, sondern besonders darum, sich in der\/f\u00fcr die eigene Community dar\u00fcber auszutauschen, was sie und ihre Communities bewegen. Die Podcaster*innen m\u00f6chten Repr\u00e4sentation schaffen und laden dazu ein, ihren Gespr\u00e4chen zu zuh\u00f6ren.&nbsp;&nbsp;<\/p>\n\n\n\n<p>*In den Podcast Vorstellungen werden einige der Podcaster*innen mit vollst\u00e4ndigem Namen und andere nur mit Vornamen vorgestellt. Au\u00dferdem wird sich an den Selbstbezeichnungen der Personen orientiert. Dies ist so, weil die eigenen Angaben und Informationen der Podcaster*innen ber\u00fccksichtigt werden sollen.&nbsp;<\/p>\n\n\n\n<p>Im Folgenden ein paar PODCAST Empfehlungen<\/p>\n\n\n\n<p><strong>diaspor.asia PODCAST<\/strong><\/p>\n\n\n\n<p><mark style=\"background-color:rgba(0, 0, 0, 0);color:#a8848d\" class=\"has-inline-color\">Einzelfolge: <em>Asiatische Identit\u00e4ten <\/em>(EP 1, 24.08.2018) <\/mark><mark style=\"background-color:rgba(0, 0, 0, 0);color:#0071a1\" class=\"has-inline-color\"><br><\/mark><mark style=\"background-color:rgba(0, 0, 0, 0);color:#a8848d\" class=\"has-inline-color\">Einzelfolge: <em>Anti-Asiatischer Rassismus, China Bashing &amp; Corona Virus<\/em> (EP 24, 09.02.2020<\/mark><\/p>\n\n\n\n<p><strong>DonnaSori PODCAST<\/strong><\/p>\n\n\n\n<p><mark style=\"background-color:rgba(0, 0, 0, 0);color:#a8848d\" class=\"has-inline-color\">Einzelfolge: <em>Unser t\u00e4gliches Klischee gib uns heute<\/em> (EP 12, 11.06.2020)<\/mark><\/p>\n\n\n\n<p><strong>Ein Gastbeitrag von Sarah Mohsenyan.<\/strong><\/p>\n","protected":false},"excerpt":{"rendered":"<p>Seit der Verbreitung des Virus COVID-19 und der Bekanntmachung der Pandemie hat der Anti-Asiatische Rassismus zugenommen und zeigt in dieser Situation umso mehr, dass asiatische Perspektiven in Deutschland wenig Wahrnehmung bekommen und im Mainstream unterrepr\u00e4sentiert sind. Dabei fanden regelm\u00e4\u00dfig Angriffe auf (ost-)asiatisch gelesene Menschen statt und Schuldzuweisungen f\u00fcr den Virus wurden an China und Reisende &hellip; <\/p>\n<p class=\"link-more\"><a href=\"https:\/\/www.coraci-festival.de\/index.php\/2020\/06\/28\/anti-asiatischer-rassismus\/\" class=\"more-link\"><span class=\"screen-reader-text\">\u201eAnti &#8211; Asiatischer Rassismus\u201c<\/span> weiterlesen<\/a><\/p>\n","protected":false},"author":1,"featured_media":0,"comment_status":"closed","ping_status":"closed","sticky":false,"template":"","format":"standard","meta":{"footnotes":""},"categories":[29],"tags":[],"class_list":["post-1233","post","type-post","status-publish","format-standard","hentry","category-glossar"],"_links":{"self":[{"href":"https:\/\/www.coraci-festival.de\/index.php\/wp-json\/wp\/v2\/posts\/1233","targetHints":{"allow":["GET"]}}],"collection":[{"href":"https:\/\/www.coraci-festival.de\/index.php\/wp-json\/wp\/v2\/posts"}],"about":[{"href":"https:\/\/www.coraci-festival.de\/index.php\/wp-json\/wp\/v2\/types\/post"}],"author":[{"embeddable":true,"href":"https:\/\/www.coraci-festival.de\/index.php\/wp-json\/wp\/v2\/users\/1"}],"replies":[{"embeddable":true,"href":"https:\/\/www.coraci-festival.de\/index.php\/wp-json\/wp\/v2\/comments?post=1233"}],"version-history":[{"count":5,"href":"https:\/\/www.coraci-festival.de\/index.php\/wp-json\/wp\/v2\/posts\/1233\/revisions"}],"predecessor-version":[{"id":1998,"href":"https:\/\/www.coraci-festival.de\/index.php\/wp-json\/wp\/v2\/posts\/1233\/revisions\/1998"}],"wp:attachment":[{"href":"https:\/\/www.coraci-festival.de\/index.php\/wp-json\/wp\/v2\/media?parent=1233"}],"wp:term":[{"taxonomy":"category","embeddable":true,"href":"https:\/\/www.coraci-festival.de\/index.php\/wp-json\/wp\/v2\/categories?post=1233"},{"taxonomy":"post_tag","embeddable":true,"href":"https:\/\/www.coraci-festival.de\/index.php\/wp-json\/wp\/v2\/tags?post=1233"}],"curies":[{"name":"wp","href":"https:\/\/api.w.org\/{rel}","templated":true}]}}