{"id":1428,"date":"2021-04-19T21:46:51","date_gmt":"2021-04-19T19:46:51","guid":{"rendered":"http:\/\/www.coraci-festival.de\/?p=1428"},"modified":"2021-06-25T09:50:11","modified_gmt":"2021-06-25T07:50:11","slug":"sara-und-jakob","status":"publish","type":"post","link":"https:\/\/www.coraci-festival.de\/index.php\/2021\/04\/19\/sara-und-jakob\/","title":{"rendered":"Sara und Jakob \/ 25.06. 19 Uhr"},"content":{"rendered":"\n<p><strong>Webinar\/ Afro-Diasporische Klassische Musik: Listening Session<\/strong><\/p>\n\n\n\n<p>Sara und Jakob besch\u00e4ftigen sich intensiv mit Komponist:innen sogenannter klassischer Musik, die bisher vom Konzertbetrieb und dem Lehrplan an Musikhochschulen in Deutschland gemieden oder ausgeschlossen werden. <\/p>\n\n\n\n<p>Mit H\u00f6rbeispielen werden die Werke und Hintergr\u00fcnde einiger Kompnist:innen der afrikanischen Diaspora vorgestellt.<\/p>\n\n\n\n<p>Sara Kanarski ist 23 und studiert Kulturwissenschaften an der Leuphana. Den Weg in die klassischen Musik fand sie als Jungstudentin f\u00fcr Cello in Bremen, seitdem ist sie immer mehr in die organisatorische Rolle geschl\u00fcpft und hat unter anderem f\u00fcr Tonali Konzerte organisiert und ist derzeit im Planungsteam des lunatic Festivals.<\/p>\n\n\n\n<p>Jakob ist ein in den USA und Deutschland ausgebildeter Cellist und spielt \u00fcberwiegend sogenannte Klassische Musik. Er ist Mitbegr\u00fcnder des jungen Kammerorchester ensemble reflektor und Mitglied des Rothko String Quartets<\/p>\n\n\n\n<h3 class=\"has-medium-font-size wp-block-heading\">Zoom Zugangsdaten<\/h3>\n\n\n\n<p><a href=\"https:\/\/leuphana.zoom.us\/j\/96714822616?pwd=WURrbUFlTSs5R2R5cUgrKzlFb3ZoQT09\">https:\/\/leuphana.zoom.us\/j\/96714822616?pwd=WURrbUFlTSs5R2R5cUgrKzlFb3ZoQT09<\/a><\/p>\n\n\n\n<p>Kenncode: 818587<\/p>\n\n\n\n<div class=\"wp-block-columns is-layout-flex wp-container-core-columns-is-layout-9d6595d7 wp-block-columns-is-layout-flex\"><\/div>\n","protected":false},"excerpt":{"rendered":"<p>Webinar\/ Afro-Diasporische Klassische Musik: Listening Session<\/p>\n","protected":false},"author":1,"featured_media":1557,"comment_status":"closed","ping_status":"closed","sticky":false,"template":"","format":"standard","meta":{"footnotes":""},"categories":[20],"tags":[],"class_list":["post-1428","post","type-post","status-publish","format-standard","has-post-thumbnail","hentry","category-programm-2021"],"_links":{"self":[{"href":"https:\/\/www.coraci-festival.de\/index.php\/wp-json\/wp\/v2\/posts\/1428","targetHints":{"allow":["GET"]}}],"collection":[{"href":"https:\/\/www.coraci-festival.de\/index.php\/wp-json\/wp\/v2\/posts"}],"about":[{"href":"https:\/\/www.coraci-festival.de\/index.php\/wp-json\/wp\/v2\/types\/post"}],"author":[{"embeddable":true,"href":"https:\/\/www.coraci-festival.de\/index.php\/wp-json\/wp\/v2\/users\/1"}],"replies":[{"embeddable":true,"href":"https:\/\/www.coraci-festival.de\/index.php\/wp-json\/wp\/v2\/comments?post=1428"}],"version-history":[{"count":9,"href":"https:\/\/www.coraci-festival.de\/index.php\/wp-json\/wp\/v2\/posts\/1428\/revisions"}],"predecessor-version":[{"id":1586,"href":"https:\/\/www.coraci-festival.de\/index.php\/wp-json\/wp\/v2\/posts\/1428\/revisions\/1586"}],"wp:featuredmedia":[{"embeddable":true,"href":"https:\/\/www.coraci-festival.de\/index.php\/wp-json\/wp\/v2\/media\/1557"}],"wp:attachment":[{"href":"https:\/\/www.coraci-festival.de\/index.php\/wp-json\/wp\/v2\/media?parent=1428"}],"wp:term":[{"taxonomy":"category","embeddable":true,"href":"https:\/\/www.coraci-festival.de\/index.php\/wp-json\/wp\/v2\/categories?post=1428"},{"taxonomy":"post_tag","embeddable":true,"href":"https:\/\/www.coraci-festival.de\/index.php\/wp-json\/wp\/v2\/tags?post=1428"}],"curies":[{"name":"wp","href":"https:\/\/api.w.org\/{rel}","templated":true}]}}