{"id":1547,"date":"2021-06-10T23:46:55","date_gmt":"2021-06-10T21:46:55","guid":{"rendered":"https:\/\/www.coraci-festival.de\/?p=1547"},"modified":"2021-06-13T18:18:34","modified_gmt":"2021-06-13T16:18:34","slug":"sanni-est-26-06-19-uhr","status":"publish","type":"post","link":"https:\/\/www.coraci-festival.de\/index.php\/2021\/06\/10\/sanni-est-26-06-19-uhr\/","title":{"rendered":"Sanni Est 26.06. \/ 19 Uhr"},"content":{"rendered":"\n<p><strong>Webinar \/ &#8222;Au Pair&#8220; &#8211; Die Kl\u00e4nge&nbsp;Meiner Diaspora (Kapitel 5 PHOTOPHOBIA)<\/strong><\/p>\n\n\n\n<p>Transmediale K\u00fcnstlerin&nbsp;Sanni Est schaute bei der Komposition ihres kommenden Albums &#8222;PHOTOPHOBIA &#8220; in die tiefste Dunkelheit ihres Selbsts und analysierte dadurch unterschiedliche Machtstrukturen und wie diese sich in ihrer Biographie abspielen.<\/p>\n\n\n\n<p>Bei dem Lied &#8222;Au Pair&#8220; (Kapitel 5), das sie mit 16 geschrieben hat, geht es um den Migrations Wunsch. Ein ehrlicher Bericht aus den Emotionen einer jungen trans* Frau ihrer Heimat und dem Unbekannten gegen\u00fcber.<\/p>\n\n\n\n<p>Damals, recherchierte sie \u00fcber&nbsp;das Programm Au Pair und hielt es eine Zeit lang f\u00fcr&nbsp;einen versuchenswerten&nbsp;Weg, nach Europa zu kommen.<\/p>\n\n\n\n<p>15 Jahre sp\u00e4ter&nbsp;nahm sie die Musik auf: schreiende Lyrik von ihr selbst und Dornika Kazerani, Toque de Macumba (traditionelle afro-brasilianische Trommelmusik) und elektronische Streicher. Von dieser musikalischer Mischung hatte sie auch schon mit 16 getr\u00e4umt, als sie ihre ersten Lieder geschrieben hat. Die Migration nach Europa ist ein Teil ihres Plans, sich mit der elektronischen Szene vertraut zu machen um avantgardistische Produzenten elektronischer Musik mit heimischen Trommelmeistern zusammen zu bringen um ihren einzigartigen Sound entwickeln zu k\u00f6nnen.<\/p>\n\n\n\n<p>Einer der gr\u00f6\u00dften&nbsp;Einfl\u00fcsse&nbsp;f\u00fcr dieses Projekt ist der Komponist und S\u00e4nger&nbsp;Chico Science, der Anfang der 90er zusammen mit anderen Bands wie Cordel do Fogo Encantado und Mundo Livre S\/A die Bewegung Mangue Beat initiiert&nbsp;hat, wo zum ersten Mal traditionelle nord\u00f6stliche&nbsp;brasilianische Rhythmen mit elektronischen Instrumenten und US-amerikanischen Musikstilen zusammengemischt wurde.<\/p>\n\n\n\n<p>In dem 90-min\u00fctigen\u00a0Vortrag und\u00a0<em>Listening Session\u00a0<\/em>Au Pair &#8211; Die Kl\u00e4nge\u00a0Meiner Diaspora erz\u00e4hlt\u00a0Sanni mehr \u00fcber\u00a0ihre Musikrecherche, die soziale Bedeutung von Mangue Bit in Brasilien, ihrer Migration und wie sich diese Themen in der Komposition ihres Liedes sp\u00fcren\u00a0lassen.<\/p>\n\n\n\n<h3 class=\"wp-block-heading\">Zoom Zugangsdaten<\/h3>\n\n\n\n<p><a href=\"https:\/\/leuphana.zoom.us\/j\/99036897669?pwd=bzVRZEcvdDBvSFV6SkhsazJuaVlWQT09\">https:\/\/leuphana.zoom.us\/j\/99036897669?pwd=bzVRZEcvdDBvSFV6SkhsazJuaVlWQT09<\/a><\/p>\n\n\n\n<p>Kenncode: 763592<\/p>\n","protected":false},"excerpt":{"rendered":"<p>Webinar \/ &#8222;Au Pair&#8220; &#8211; Die Kl\u00e4nge Meiner Diaspora (Kapitel 5 PHOTOPHOBIA)<\/p>\n","protected":false},"author":1,"featured_media":1555,"comment_status":"closed","ping_status":"closed","sticky":false,"template":"","format":"standard","meta":{"footnotes":""},"categories":[20],"tags":[],"class_list":["post-1547","post","type-post","status-publish","format-standard","has-post-thumbnail","hentry","category-programm-2021"],"_links":{"self":[{"href":"https:\/\/www.coraci-festival.de\/index.php\/wp-json\/wp\/v2\/posts\/1547","targetHints":{"allow":["GET"]}}],"collection":[{"href":"https:\/\/www.coraci-festival.de\/index.php\/wp-json\/wp\/v2\/posts"}],"about":[{"href":"https:\/\/www.coraci-festival.de\/index.php\/wp-json\/wp\/v2\/types\/post"}],"author":[{"embeddable":true,"href":"https:\/\/www.coraci-festival.de\/index.php\/wp-json\/wp\/v2\/users\/1"}],"replies":[{"embeddable":true,"href":"https:\/\/www.coraci-festival.de\/index.php\/wp-json\/wp\/v2\/comments?post=1547"}],"version-history":[{"count":4,"href":"https:\/\/www.coraci-festival.de\/index.php\/wp-json\/wp\/v2\/posts\/1547\/revisions"}],"predecessor-version":[{"id":1569,"href":"https:\/\/www.coraci-festival.de\/index.php\/wp-json\/wp\/v2\/posts\/1547\/revisions\/1569"}],"wp:featuredmedia":[{"embeddable":true,"href":"https:\/\/www.coraci-festival.de\/index.php\/wp-json\/wp\/v2\/media\/1555"}],"wp:attachment":[{"href":"https:\/\/www.coraci-festival.de\/index.php\/wp-json\/wp\/v2\/media?parent=1547"}],"wp:term":[{"taxonomy":"category","embeddable":true,"href":"https:\/\/www.coraci-festival.de\/index.php\/wp-json\/wp\/v2\/categories?post=1547"},{"taxonomy":"post_tag","embeddable":true,"href":"https:\/\/www.coraci-festival.de\/index.php\/wp-json\/wp\/v2\/tags?post=1547"}],"curies":[{"name":"wp","href":"https:\/\/api.w.org\/{rel}","templated":true}]}}