{"id":1717,"date":"2022-06-07T10:50:35","date_gmt":"2022-06-07T08:50:35","guid":{"rendered":"https:\/\/www.coraci-festival.de\/?p=1717"},"modified":"2023-05-11T09:54:01","modified_gmt":"2023-05-11T07:54:01","slug":"tanzworkshop-afro-styles","status":"publish","type":"post","link":"https:\/\/www.coraci-festival.de\/index.php\/2022\/06\/07\/tanzworkshop-afro-styles\/","title":{"rendered":"Tanzworkshop: Afro Styles"},"content":{"rendered":"\n<p>Im Workshop wird Afro Urban, Hip Hop oder afrikanischer Tanz ge\u00fcbt. All dies h\u00e4ngt von der Gruppe, ihren Interessen und Niveaus ab. Das Training wird detailliert auf die besonderen Stile der k\u00fcnstlerischen Dynamik eingehen, wir werden mit Warm-up Grund\u00fcbungen anfangen und weitermachen mit Freestyles und einem Choreografenteil, am Ende gibt es eine cool down Entspannung des K\u00f6rpers. <\/p>\n\n\n\n<p>!! Der Workshop ist f\u00fcr 10-18 j\u00e4hrige ausgeschrieben und findet am 18.06. von 14.00 &#8211; 16.00 Uhr im ehemaligen Jugendzentrum in der Katzenstra\u00dfe 1 statt !!<\/p>\n\n\n\n<p>Anmeldung unter: https:\/\/www.umfrageonline.com\/c\/7fmdp9ir<\/p>\n\n\n\n<p>ABOUT: Papis B\u00e2 ist professioneller T\u00e4nzer und Choreograf aus dem S\u00e9n\u00e9gal, Westafrika im Bereich Hip Hop, traditioneller Afrikanischer Tanz sowie Contemporary Dance. Geboren wurde Papis B\u00e2 am 14.02.1984 in Dakar, S\u00e9n\u00e9gal, und begann dort schon fr\u00fch seine t\u00e4nzerische Karriere im Bereich Breakdance und Hip Hop. An der renomierten \u201eEcole des Sables\u201c lernte er traditionellen afrikanischen Tanz. Dies bot ihm die M\u00f6glichkeit, verschiedene Stile zu kombinieren: es entsteht der Stil \u201eAfro-Urban\u201c, ein Mix aus Elementen des Hip Hop wie z. B. Krump, House und Breakdance mit afrikanischem Tanz. Papis hat in der professionellen Tanzcompany \u201eSoul Body Ground\u201c im S\u00e9n\u00e9gal getanzt, mit der er an verschiedenen Tanz-Wettbewerben teil genommen und viele Preise gewonnen hat. Auch hat er bereits international als Choreograf und Jurymitglied bei Dance-Battles mitgewirkt. Im S\u00e9n\u00e9gal hat er in verschiedenen Videoproduktionen bekannter senegalesischer K\u00fcnstler mitgewirkt. Besonders hervorzuheben ist sein Auftritt bei dem Konzert von Youssoun N\u2018 Dour in der Elbphilharmonie in Hamburg am 27.08.2018. Bereits 2017 tanzte Papis Ba auf einem Konzert des international bekannten S\u00e4ngers aus dem S\u00e9n\u00e9gal in Paris Bercy. Tanzauff\u00fchrungen in Hamburg wurden von ihm ma\u00dfgeblich organisiert und durch sein fachliches und t\u00e4nzerisches Wissen gestaltet. Seit einem Jahr lebt Papis Ba in L\u00fcneburg und ist Teil verschiedener Projekten (w\u00f6chentliche Kurse in Breakdance und Afro Urban im Studio 2, Auftritte mit Jan Balyon im Salon d\u2018hARTz aufgetreten, Teilnahme an \u201eL\u00fcneburg tanzt!\u201c, Schulprojekte mit Kindern und Jugendlichen etc.)<\/p>\n\n\n\n<p><\/p>\n","protected":false},"excerpt":{"rendered":"<p>Im Workshop wird Afro Urban, Hip Hop oder afrikanischer Tanz ge\u00fcbt. All dies h\u00e4ngt von der Gruppe, ihren Interessen und Niveaus ab. Das Training wird detailliert auf die besonderen Stile der k\u00fcnstlerischen Dynamik eingehen, wir werden mit Warm-up Grund\u00fcbungen anfangen und weitermachen mit Freestyles und einem Choreografenteil, am Ende gibt es eine cool down Entspannung &hellip; <\/p>\n<p class=\"link-more\"><a href=\"https:\/\/www.coraci-festival.de\/index.php\/2022\/06\/07\/tanzworkshop-afro-styles\/\" class=\"more-link\"><span class=\"screen-reader-text\">\u201eTanzworkshop: Afro Styles\u201c<\/span> weiterlesen<\/a><\/p>\n","protected":false},"author":1,"featured_media":1718,"comment_status":"closed","ping_status":"closed","sticky":false,"template":"","format":"standard","meta":{"footnotes":""},"categories":[24,26],"tags":[],"class_list":["post-1717","post","type-post","status-publish","format-standard","has-post-thumbnail","hentry","category-programm-2022","category-workshops"],"_links":{"self":[{"href":"https:\/\/www.coraci-festival.de\/index.php\/wp-json\/wp\/v2\/posts\/1717","targetHints":{"allow":["GET"]}}],"collection":[{"href":"https:\/\/www.coraci-festival.de\/index.php\/wp-json\/wp\/v2\/posts"}],"about":[{"href":"https:\/\/www.coraci-festival.de\/index.php\/wp-json\/wp\/v2\/types\/post"}],"author":[{"embeddable":true,"href":"https:\/\/www.coraci-festival.de\/index.php\/wp-json\/wp\/v2\/users\/1"}],"replies":[{"embeddable":true,"href":"https:\/\/www.coraci-festival.de\/index.php\/wp-json\/wp\/v2\/comments?post=1717"}],"version-history":[{"count":2,"href":"https:\/\/www.coraci-festival.de\/index.php\/wp-json\/wp\/v2\/posts\/1717\/revisions"}],"predecessor-version":[{"id":1747,"href":"https:\/\/www.coraci-festival.de\/index.php\/wp-json\/wp\/v2\/posts\/1717\/revisions\/1747"}],"wp:featuredmedia":[{"embeddable":true,"href":"https:\/\/www.coraci-festival.de\/index.php\/wp-json\/wp\/v2\/media\/1718"}],"wp:attachment":[{"href":"https:\/\/www.coraci-festival.de\/index.php\/wp-json\/wp\/v2\/media?parent=1717"}],"wp:term":[{"taxonomy":"category","embeddable":true,"href":"https:\/\/www.coraci-festival.de\/index.php\/wp-json\/wp\/v2\/categories?post=1717"},{"taxonomy":"post_tag","embeddable":true,"href":"https:\/\/www.coraci-festival.de\/index.php\/wp-json\/wp\/v2\/tags?post=1717"}],"curies":[{"name":"wp","href":"https:\/\/api.w.org\/{rel}","templated":true}]}}