{"id":1751,"date":"2022-06-08T13:01:52","date_gmt":"2022-06-08T11:01:52","guid":{"rendered":"https:\/\/www.coraci-festival.de\/?p=1751"},"modified":"2023-05-11T09:52:37","modified_gmt":"2023-05-11T07:52:37","slug":"safer-space-empowerment-fuer-bipoc","status":"publish","type":"post","link":"https:\/\/www.coraci-festival.de\/index.php\/2022\/06\/08\/safer-space-empowerment-fuer-bipoc\/","title":{"rendered":"Safer Space &#8211; Empowerment f\u00fcr BIPoC"},"content":{"rendered":"\n<p>Dieser Raum steht 14-18 j\u00e4hrigen Personen offen, die rassistische Diskriminierung erfahren und\/oder sich als (Black) Person of Color identifizieren. Herzlich Willkommen in deinem Safer Space! Mit Power-Sharing und einer Portion Positive Vibes wollen wir uns austauschen. Was bedeutet Empowerment \u00fcberhaupt und welche Zug\u00e4nge nutzt du, um im Alltag besser mit Rassismus umzugehen? Wer bist du und was inspiriert dich? Oder willst du dich einfach mal aufregen \u00fcber die rassistischen Kommentare, die dir st\u00e4ndig begegnen? Hier triffst du Menschen, die \u00e4hnliche Erfahrungen machen. Du bist mit dem struggle nicht alleine! <\/p>\n\n\n\n<p>Der Workshop findet am 18.06. von 10.00 &#8211; 13.00 Uhr in der Jugendb\u00fccherei L\u00fcneburg Auf dem Klosterhof 1 c-e statt.<\/p>\n\n\n\n<p>Anmeldung unter: https:\/\/www.umfrageonline.com\/c\/dzjg3fr4<\/p>\n\n\n\n<p>Trainerin\/ Referentin: Zaina Filah, Pronomen: sie\/ihr <\/p>\n\n\n\n<p><\/p>\n","protected":false},"excerpt":{"rendered":"<p>Dieser Raum steht 14-18 j\u00e4hrigen Personen offen, die rassistische Diskriminierung erfahren und\/oder sich als (Black) Person of Color identifizieren. Herzlich Willkommen in deinem Safer Space! Mit Power-Sharing und einer Portion Positive Vibes wollen wir uns austauschen. Was bedeutet Empowerment \u00fcberhaupt und welche Zug\u00e4nge nutzt du, um im Alltag besser mit Rassismus umzugehen? Wer bist du &hellip; <\/p>\n<p class=\"link-more\"><a href=\"https:\/\/www.coraci-festival.de\/index.php\/2022\/06\/08\/safer-space-empowerment-fuer-bipoc\/\" class=\"more-link\"><span class=\"screen-reader-text\">\u201eSafer Space &#8211; Empowerment f\u00fcr BIPoC\u201c<\/span> weiterlesen<\/a><\/p>\n","protected":false},"author":1,"featured_media":1752,"comment_status":"closed","ping_status":"closed","sticky":false,"template":"","format":"standard","meta":{"footnotes":""},"categories":[24,26],"tags":[],"class_list":["post-1751","post","type-post","status-publish","format-standard","has-post-thumbnail","hentry","category-programm-2022","category-workshops"],"_links":{"self":[{"href":"https:\/\/www.coraci-festival.de\/index.php\/wp-json\/wp\/v2\/posts\/1751","targetHints":{"allow":["GET"]}}],"collection":[{"href":"https:\/\/www.coraci-festival.de\/index.php\/wp-json\/wp\/v2\/posts"}],"about":[{"href":"https:\/\/www.coraci-festival.de\/index.php\/wp-json\/wp\/v2\/types\/post"}],"author":[{"embeddable":true,"href":"https:\/\/www.coraci-festival.de\/index.php\/wp-json\/wp\/v2\/users\/1"}],"replies":[{"embeddable":true,"href":"https:\/\/www.coraci-festival.de\/index.php\/wp-json\/wp\/v2\/comments?post=1751"}],"version-history":[{"count":1,"href":"https:\/\/www.coraci-festival.de\/index.php\/wp-json\/wp\/v2\/posts\/1751\/revisions"}],"predecessor-version":[{"id":1753,"href":"https:\/\/www.coraci-festival.de\/index.php\/wp-json\/wp\/v2\/posts\/1751\/revisions\/1753"}],"wp:featuredmedia":[{"embeddable":true,"href":"https:\/\/www.coraci-festival.de\/index.php\/wp-json\/wp\/v2\/media\/1752"}],"wp:attachment":[{"href":"https:\/\/www.coraci-festival.de\/index.php\/wp-json\/wp\/v2\/media?parent=1751"}],"wp:term":[{"taxonomy":"category","embeddable":true,"href":"https:\/\/www.coraci-festival.de\/index.php\/wp-json\/wp\/v2\/categories?post=1751"},{"taxonomy":"post_tag","embeddable":true,"href":"https:\/\/www.coraci-festival.de\/index.php\/wp-json\/wp\/v2\/tags?post=1751"}],"curies":[{"name":"wp","href":"https:\/\/api.w.org\/{rel}","templated":true}]}}