{"id":1861,"date":"2023-02-13T10:57:38","date_gmt":"2023-02-13T09:57:38","guid":{"rendered":"https:\/\/www.coraci-festival.de\/?p=1861"},"modified":"2023-02-20T12:06:43","modified_gmt":"2023-02-20T11:06:43","slug":"rassismus","status":"publish","type":"post","link":"https:\/\/www.coraci-festival.de\/index.php\/2023\/02\/13\/rassismus\/","title":{"rendered":"Rassismus"},"content":{"rendered":"\n<p>Rassismus ist eine Ideologie von Ungleichheit in der tats\u00e4chliche und konstruierte Unterschiede von Menschen bewertet werden. Rassismus bewirkt oder beabsichtigt, dass Menschen wegen ihrer \u00e4u\u00dferen Erscheinung, Nationalit\u00e4t oder Religion abgewertet werden. Diese historisch gepr\u00e4gte Abwertung entscheidet \u00fcber den Zugang zu Ressourcen und \u00fcber gesellschaftliche Teilhabe. Rassismus dr\u00fcckt sich dabei auf drei Ebenen aus: Struktureller, Institutioneller und Individueller Rassismus.<\/p>\n\n\n\n<p><em>vgl. Amadeu-Antonio-Stiftung<\/em> <em> &#8211;<\/em><a href=\"https:\/\/www.amadeu-antonio-stiftung.de\/rassismus\/was-ist-rassismus\/\" data-type=\"URL\" data-id=\"https:\/\/www.amadeu-antonio-stiftung.de\/rassismus\/was-ist-rassismus\/\">https:\/\/www.amadeu-antonio-stiftung.de\/rassismus\/was-ist-rassismus\/<\/a><\/p>\n","protected":false},"excerpt":{"rendered":"<p>Rassismus ist eine Ideologie von Ungleichheit in der tats\u00e4chliche und konstruierte Unterschiede von Menschen bewertet werden. Rassismus bewirkt oder beabsichtigt, dass Menschen wegen ihrer \u00e4u\u00dferen Erscheinung, Nationalit\u00e4t oder Religion abgewertet werden. Diese historisch gepr\u00e4gte Abwertung entscheidet \u00fcber den Zugang zu Ressourcen und \u00fcber gesellschaftliche Teilhabe. Rassismus dr\u00fcckt sich dabei auf drei Ebenen aus: Struktureller, Institutioneller &hellip; <\/p>\n<p class=\"link-more\"><a href=\"https:\/\/www.coraci-festival.de\/index.php\/2023\/02\/13\/rassismus\/\" class=\"more-link\"><span class=\"screen-reader-text\">\u201eRassismus\u201c<\/span> weiterlesen<\/a><\/p>\n","protected":false},"author":1,"featured_media":0,"comment_status":"closed","ping_status":"closed","sticky":false,"template":"","format":"standard","meta":{"footnotes":""},"categories":[29],"tags":[],"class_list":["post-1861","post","type-post","status-publish","format-standard","hentry","category-glossar"],"_links":{"self":[{"href":"https:\/\/www.coraci-festival.de\/index.php\/wp-json\/wp\/v2\/posts\/1861","targetHints":{"allow":["GET"]}}],"collection":[{"href":"https:\/\/www.coraci-festival.de\/index.php\/wp-json\/wp\/v2\/posts"}],"about":[{"href":"https:\/\/www.coraci-festival.de\/index.php\/wp-json\/wp\/v2\/types\/post"}],"author":[{"embeddable":true,"href":"https:\/\/www.coraci-festival.de\/index.php\/wp-json\/wp\/v2\/users\/1"}],"replies":[{"embeddable":true,"href":"https:\/\/www.coraci-festival.de\/index.php\/wp-json\/wp\/v2\/comments?post=1861"}],"version-history":[{"count":4,"href":"https:\/\/www.coraci-festival.de\/index.php\/wp-json\/wp\/v2\/posts\/1861\/revisions"}],"predecessor-version":[{"id":1899,"href":"https:\/\/www.coraci-festival.de\/index.php\/wp-json\/wp\/v2\/posts\/1861\/revisions\/1899"}],"wp:attachment":[{"href":"https:\/\/www.coraci-festival.de\/index.php\/wp-json\/wp\/v2\/media?parent=1861"}],"wp:term":[{"taxonomy":"category","embeddable":true,"href":"https:\/\/www.coraci-festival.de\/index.php\/wp-json\/wp\/v2\/categories?post=1861"},{"taxonomy":"post_tag","embeddable":true,"href":"https:\/\/www.coraci-festival.de\/index.php\/wp-json\/wp\/v2\/tags?post=1861"}],"curies":[{"name":"wp","href":"https:\/\/api.w.org\/{rel}","templated":true}]}}