{"id":1873,"date":"2023-02-13T11:14:49","date_gmt":"2023-02-13T10:14:49","guid":{"rendered":"https:\/\/www.coraci-festival.de\/?p=1873"},"modified":"2023-02-20T12:10:47","modified_gmt":"2023-02-20T11:10:47","slug":"ableismus","status":"publish","type":"post","link":"https:\/\/www.coraci-festival.de\/index.php\/2023\/02\/13\/ableismus\/","title":{"rendered":"Ableismus"},"content":{"rendered":"\n<p>Der Begriff Ableismus ist dem englischen Wort f\u00fcr \u00bbF\u00e4higkeit\u00ab entlehnt und stammt aus der US-amerikanischen Behindertenbewegung. Er bezeichnet die Bewertung von Menschen mit Be_Hinderungen anhand ihrer (zugeschriebenen) k\u00f6rperlichen und geistigen F\u00e4higkeiten. Damit verbunden ist eine Reduktion des Menschen allein auf seine Beeintr\u00e4chtigung (welche auch nicht von allen be_hinderten Menschen als eine tats\u00e4chliche Behinderung wahrgenommen wird, da sich diese stark unterscheiden und bei jedem Menschen anders sind, zu eigenen Erfahrungen und eigenen Bed\u00fcrfnissen im Umgang damit f\u00fchren) . Die Bewertung kann negativ durch Abwertung erfolgen, oder vermeintlich positiv durch Aufwertung. Der Bewertung geht voraus, dass es so etwas wie eine Vorstellung eines k\u00f6rperlichen und geistigen Normalzustandes gibt, anhand dessen Be_Hinderung als Abweichung bewertet werden kann.<\/p>\n\n\n\n<p>Wenn Menschen mit Be_Hinderungen aufgrund dieser Bewertung ungleich behandelt oder benachteiligt werden, ist das Diskriminierung.<\/p>\n\n\n\n<p>Um auch in der Sprache zu verdeutlichen, dass Personen nicht be_hindert sind, sondern durch \u00e4u\u00dfere Umst\u00e4nde, Geb\u00e4ude und Strukturen dazu gemacht werden, wird der Unterstrich verwendet.<\/p>\n\n\n\n<p><\/p>\n\n\n\n<p><em>angelehnt an Awareness Akademie (ohne Datum)<\/em> <em> &#8211; <a href=\"https:\/\/awareness-akademie.de\/glossar\/\">Glossar &#8211; Awareness Akademie (awareness-akademie.de)<\/a><\/em><\/p>\n","protected":false},"excerpt":{"rendered":"<p>Der Begriff Ableismus ist dem englischen Wort f\u00fcr \u00bbF\u00e4higkeit\u00ab entlehnt und stammt aus der US-amerikanischen Behindertenbewegung. Er bezeichnet die Bewertung von Menschen mit Be_Hinderungen anhand ihrer (zugeschriebenen) k\u00f6rperlichen und geistigen F\u00e4higkeiten. Damit verbunden ist eine Reduktion des Menschen allein auf seine Beeintr\u00e4chtigung (welche auch nicht von allen be_hinderten Menschen als eine tats\u00e4chliche Behinderung wahrgenommen wird, &hellip; <\/p>\n<p class=\"link-more\"><a href=\"https:\/\/www.coraci-festival.de\/index.php\/2023\/02\/13\/ableismus\/\" class=\"more-link\"><span class=\"screen-reader-text\">\u201eAbleismus\u201c<\/span> weiterlesen<\/a><\/p>\n","protected":false},"author":1,"featured_media":0,"comment_status":"closed","ping_status":"closed","sticky":false,"template":"","format":"standard","meta":{"footnotes":""},"categories":[29],"tags":[],"class_list":["post-1873","post","type-post","status-publish","format-standard","hentry","category-glossar"],"_links":{"self":[{"href":"https:\/\/www.coraci-festival.de\/index.php\/wp-json\/wp\/v2\/posts\/1873","targetHints":{"allow":["GET"]}}],"collection":[{"href":"https:\/\/www.coraci-festival.de\/index.php\/wp-json\/wp\/v2\/posts"}],"about":[{"href":"https:\/\/www.coraci-festival.de\/index.php\/wp-json\/wp\/v2\/types\/post"}],"author":[{"embeddable":true,"href":"https:\/\/www.coraci-festival.de\/index.php\/wp-json\/wp\/v2\/users\/1"}],"replies":[{"embeddable":true,"href":"https:\/\/www.coraci-festival.de\/index.php\/wp-json\/wp\/v2\/comments?post=1873"}],"version-history":[{"count":2,"href":"https:\/\/www.coraci-festival.de\/index.php\/wp-json\/wp\/v2\/posts\/1873\/revisions"}],"predecessor-version":[{"id":1893,"href":"https:\/\/www.coraci-festival.de\/index.php\/wp-json\/wp\/v2\/posts\/1873\/revisions\/1893"}],"wp:attachment":[{"href":"https:\/\/www.coraci-festival.de\/index.php\/wp-json\/wp\/v2\/media?parent=1873"}],"wp:term":[{"taxonomy":"category","embeddable":true,"href":"https:\/\/www.coraci-festival.de\/index.php\/wp-json\/wp\/v2\/categories?post=1873"},{"taxonomy":"post_tag","embeddable":true,"href":"https:\/\/www.coraci-festival.de\/index.php\/wp-json\/wp\/v2\/tags?post=1873"}],"curies":[{"name":"wp","href":"https:\/\/api.w.org\/{rel}","templated":true}]}}