{"id":1907,"date":"2023-02-15T20:13:26","date_gmt":"2023-02-15T19:13:26","guid":{"rendered":"https:\/\/www.coraci-festival.de\/?p=1907"},"modified":"2023-03-09T22:43:43","modified_gmt":"2023-03-09T21:43:43","slug":"das-coraci-festival","status":"publish","type":"post","link":"https:\/\/www.coraci-festival.de\/index.php\/2023\/02\/15\/das-coraci-festival\/","title":{"rendered":"Das Coraci Festival"},"content":{"rendered":"\n<p>Auf dieser Internetseite stellen wir Euch ein Festival vor.<br>Es hei\u00dft &#8222;coraci&#8220;.<br>Das ist eine Abk\u00fcrzung von einem Namen auf Franz\u00f6sisch: festival contre le racisme.<br>Auf Deutsch bedeutet das: Festival gegen Rassismus.<br>Rassismus bedeutet, das Menschen schlecht behandelt werden, weil sie aus einem bestimmten Land kommen, eine bestimmte Hautfarbe haben oder eine bestimmte Sprache sprechen. <br>Hier wird Rassismus erkl\u00e4rt: https:\/\/www.bpb.de\/kurz-knapp\/lexika\/lexikon-in-einfacher-sprache\/322448\/rassismus\/<\/p>\n\n\n\n<p>Das Festival findet auf dem Gel\u00e4nde der Universit\u00e4t L\u00fcneburg statt.<br>Du kannst kostenlos an dem Festival teilnehmen.<br>Bei dem Festival arbeiten Menschen mit, ohne Geld daf\u00fcr zu bekommen. <br>Das sind zum Beispiel Menschen, die studieren oder andere Personen aus L\u00fcneburg.<br>Bei dem Festival gibt es viele verschiedene Angebote:<\/p>\n\n\n\n<ul class=\"wp-block-list\">\n<li>Konzerte<\/li>\n\n\n\n<li>Filme<\/li>\n\n\n\n<li>Vortr\u00e4ge<\/li>\n\n\n\n<li>Workshops<br><br>Bei allen Angebote geht es darum, was man gegen Rassismus tun kann.<\/li>\n<\/ul>\n","protected":false},"excerpt":{"rendered":"<p>Auf dieser Internetseite stellen wir Euch ein Festival vor.Es hei\u00dft &#8222;coraci&#8220;.Das ist eine Abk\u00fcrzung von einem Namen auf Franz\u00f6sisch: festival contre le racisme.Auf Deutsch bedeutet das: Festival gegen Rassismus.Rassismus bedeutet, das Menschen schlecht behandelt werden, weil sie aus einem bestimmten Land kommen, eine bestimmte Hautfarbe haben oder eine bestimmte Sprache sprechen. Hier wird Rassismus erkl\u00e4rt: &hellip; <\/p>\n<p class=\"link-more\"><a href=\"https:\/\/www.coraci-festival.de\/index.php\/2023\/02\/15\/das-coraci-festival\/\" class=\"more-link\"><span class=\"screen-reader-text\">\u201eDas Coraci Festival\u201c<\/span> weiterlesen<\/a><\/p>\n","protected":false},"author":1,"featured_media":0,"comment_status":"closed","ping_status":"closed","sticky":false,"template":"","format":"standard","meta":{"footnotes":""},"categories":[1],"tags":[],"class_list":["post-1907","post","type-post","status-publish","format-standard","hentry","category-uncategorized"],"_links":{"self":[{"href":"https:\/\/www.coraci-festival.de\/index.php\/wp-json\/wp\/v2\/posts\/1907","targetHints":{"allow":["GET"]}}],"collection":[{"href":"https:\/\/www.coraci-festival.de\/index.php\/wp-json\/wp\/v2\/posts"}],"about":[{"href":"https:\/\/www.coraci-festival.de\/index.php\/wp-json\/wp\/v2\/types\/post"}],"author":[{"embeddable":true,"href":"https:\/\/www.coraci-festival.de\/index.php\/wp-json\/wp\/v2\/users\/1"}],"replies":[{"embeddable":true,"href":"https:\/\/www.coraci-festival.de\/index.php\/wp-json\/wp\/v2\/comments?post=1907"}],"version-history":[{"count":2,"href":"https:\/\/www.coraci-festival.de\/index.php\/wp-json\/wp\/v2\/posts\/1907\/revisions"}],"predecessor-version":[{"id":1974,"href":"https:\/\/www.coraci-festival.de\/index.php\/wp-json\/wp\/v2\/posts\/1907\/revisions\/1974"}],"wp:attachment":[{"href":"https:\/\/www.coraci-festival.de\/index.php\/wp-json\/wp\/v2\/media?parent=1907"}],"wp:term":[{"taxonomy":"category","embeddable":true,"href":"https:\/\/www.coraci-festival.de\/index.php\/wp-json\/wp\/v2\/categories?post=1907"},{"taxonomy":"post_tag","embeddable":true,"href":"https:\/\/www.coraci-festival.de\/index.php\/wp-json\/wp\/v2\/tags?post=1907"}],"curies":[{"name":"wp","href":"https:\/\/api.w.org\/{rel}","templated":true}]}}