{"id":2228,"date":"2023-05-15T12:59:44","date_gmt":"2023-05-15T10:59:44","guid":{"rendered":"https:\/\/www.coraci-festival.de\/?p=2228"},"modified":"2023-05-15T15:01:18","modified_gmt":"2023-05-15T13:01:18","slug":"workshop-solidaritaet-mit-juedischen-menschen-in-antira-bewegungen","status":"publish","type":"post","link":"https:\/\/www.coraci-festival.de\/index.php\/2023\/05\/15\/workshop-solidaritaet-mit-juedischen-menschen-in-antira-bewegungen\/","title":{"rendered":"Workshop: Solidarit\u00e4t mit j\u00fcdischen Menschen in Antira-Bewegungen"},"content":{"rendered":"\n<div class=\"wp-block-media-text alignwide is-stacked-on-mobile\"><figure class=\"wp-block-media-text__media\"><img loading=\"lazy\" decoding=\"async\" width=\"1024\" height=\"1024\" src=\"http:\/\/www.coraci-festival.de\/wp-content\/uploads\/2023\/05\/Radikal-Juedisch-Ankuendigung-1-1024x1024.jpg\" alt=\"\" class=\"wp-image-2242 size-full\" srcset=\"https:\/\/www.coraci-festival.de\/wp-content\/uploads\/2023\/05\/Radikal-Juedisch-Ankuendigung-1-1024x1024.jpg 1024w, https:\/\/www.coraci-festival.de\/wp-content\/uploads\/2023\/05\/Radikal-Juedisch-Ankuendigung-1-300x300.jpg 300w, https:\/\/www.coraci-festival.de\/wp-content\/uploads\/2023\/05\/Radikal-Juedisch-Ankuendigung-1-150x150.jpg 150w, https:\/\/www.coraci-festival.de\/wp-content\/uploads\/2023\/05\/Radikal-Juedisch-Ankuendigung-1-768x768.jpg 768w, https:\/\/www.coraci-festival.de\/wp-content\/uploads\/2023\/05\/Radikal-Juedisch-Ankuendigung-1-100x100.jpg 100w, https:\/\/www.coraci-festival.de\/wp-content\/uploads\/2023\/05\/Radikal-Juedisch-Ankuendigung-1.jpg 1080w\" sizes=\"auto, (max-width: 767px) 89vw, (max-width: 1000px) 54vw, (max-width: 1071px) 543px, 580px\" \/><\/figure><div class=\"wp-block-media-text__content\">\n<p>20.05. 13-16Uhr<br>mit: Riv &amp; Nora<\/p>\n\n\n\n<p><br>F\u00fcr BIPoCs, Migras und Menschen die in antirassistischen\/ antisemitismuskritischen Kontexten arbeiten<\/p>\n\n\n\n<p><strong><a href=\"https:\/\/www.umfrageonline.com\/c\/te4rteqd\">Hier<\/a> k\u00f6nnt ihr euch anmelden<\/strong><\/p>\n<\/div><\/div>\n\n\n\n<p>Antisemitismus ist in Deutschland immer wieder ein Thema. Doch steht bei diesem Thema die Erz\u00e4hlung einer guten deutschen Geschichtsaufarbeitung im Mittelpunkt. Unter den Tisch fallen nur allzu oft Themen wie j\u00fcdische Armut in Deutschland, die Nichtanerkennung von Bildungsabschl\u00fcssen und die Pluralit\u00e4t von J\u00fcd*innen und ihren Perspektiven. So wird viel \u00fcber j\u00fcdische Menschen gesprochen und doch wird sich kaum mit&nbsp; j\u00fcdischen Erfahrungen und Perspektiven auseinandergesetzt. Das wollen die Bildungsreferent*innen Riv und Nora \u00e4ndern.<\/p>\n\n\n\n<p>In diesem Workshop stellen wir j\u00fcdische Perspektiven in den Vordergrund. Wir werden \u00fcber Antisemitismus und Rassismus sprechen, \u00fcber Gemeinsamkeiten und Unterschiede und \u00fcber die Ausschl\u00fcsse die j\u00fcdische Menschen in BIPoC und Migra-Kontexten erleben. Zusammen stellen wir uns dann die Frage, wie eine Solidarit\u00e4t mit j\u00fcdischen Menschen in Antira-Bewegungen aussehen k\u00f6nnte? Der Workshop besteht aus Inputs, \u00dcbungen und Teilen, in denen du dich mit dir selbst auseinandersetzen wirst.<\/p>\n","protected":false},"excerpt":{"rendered":"<p>20.05. 13-16Uhrmit: Riv &amp; Nora F\u00fcr BIPoCs, Migras und Menschen die in antirassistischen\/ antisemitismuskritischen Kontexten arbeiten Hier k\u00f6nnt ihr euch anmelden Antisemitismus ist in Deutschland immer wieder ein Thema. Doch steht bei diesem Thema die Erz\u00e4hlung einer guten deutschen Geschichtsaufarbeitung im Mittelpunkt. Unter den Tisch fallen nur allzu oft Themen wie j\u00fcdische Armut in Deutschland, &hellip; <\/p>\n<p class=\"link-more\"><a href=\"https:\/\/www.coraci-festival.de\/index.php\/2023\/05\/15\/workshop-solidaritaet-mit-juedischen-menschen-in-antira-bewegungen\/\" class=\"more-link\"><span class=\"screen-reader-text\">\u201eWorkshop: Solidarit\u00e4t mit j\u00fcdischen Menschen in Antira-Bewegungen\u201c<\/span> weiterlesen<\/a><\/p>\n","protected":false},"author":1,"featured_media":0,"comment_status":"closed","ping_status":"closed","sticky":false,"template":"","format":"standard","meta":{"footnotes":""},"categories":[31],"tags":[],"class_list":["post-2228","post","type-post","status-publish","format-standard","hentry","category-workshops-2023"],"_links":{"self":[{"href":"https:\/\/www.coraci-festival.de\/index.php\/wp-json\/wp\/v2\/posts\/2228","targetHints":{"allow":["GET"]}}],"collection":[{"href":"https:\/\/www.coraci-festival.de\/index.php\/wp-json\/wp\/v2\/posts"}],"about":[{"href":"https:\/\/www.coraci-festival.de\/index.php\/wp-json\/wp\/v2\/types\/post"}],"author":[{"embeddable":true,"href":"https:\/\/www.coraci-festival.de\/index.php\/wp-json\/wp\/v2\/users\/1"}],"replies":[{"embeddable":true,"href":"https:\/\/www.coraci-festival.de\/index.php\/wp-json\/wp\/v2\/comments?post=2228"}],"version-history":[{"count":2,"href":"https:\/\/www.coraci-festival.de\/index.php\/wp-json\/wp\/v2\/posts\/2228\/revisions"}],"predecessor-version":[{"id":2267,"href":"https:\/\/www.coraci-festival.de\/index.php\/wp-json\/wp\/v2\/posts\/2228\/revisions\/2267"}],"wp:attachment":[{"href":"https:\/\/www.coraci-festival.de\/index.php\/wp-json\/wp\/v2\/media?parent=2228"}],"wp:term":[{"taxonomy":"category","embeddable":true,"href":"https:\/\/www.coraci-festival.de\/index.php\/wp-json\/wp\/v2\/categories?post=2228"},{"taxonomy":"post_tag","embeddable":true,"href":"https:\/\/www.coraci-festival.de\/index.php\/wp-json\/wp\/v2\/tags?post=2228"}],"curies":[{"name":"wp","href":"https:\/\/api.w.org\/{rel}","templated":true}]}}